{"id":696,"date":"2012-05-07T07:01:41","date_gmt":"2012-05-07T06:01:41","guid":{"rendered":"http:\/\/www.petervuust.dk\/?p=696"},"modified":"2012-07-11T14:37:51","modified_gmt":"2012-07-11T13:37:51","slug":"aarhus-jazz-festival-2012","status":"publish","type":"post","link":"http:\/\/www.petervuust.dk\/?p=696","title":{"rendered":"Aarhus Jazz Festival 2012"},"content":{"rendered":"<address><img loading=\"lazy\" class=\"size-full wp-image-697 aligncenter\" title=\"Aarhus jazzfestival 2012\" src=\"http:\/\/www.petervuust.dk\/wp-content\/uploads\/2012\/04\/Sk\u00e6rmbillede-2012-04-19-kl.-08.32.42.png\" alt=\"\" width=\"748\" height=\"380\" srcset=\"http:\/\/www.petervuust.dk\/wp-content\/uploads\/2012\/04\/Sk\u00e6rmbillede-2012-04-19-kl.-08.32.42.png 748w, http:\/\/www.petervuust.dk\/wp-content\/uploads\/2012\/04\/Sk\u00e6rmbillede-2012-04-19-kl.-08.32.42-300x152.png 300w, http:\/\/www.petervuust.dk\/wp-content\/uploads\/2012\/04\/Sk\u00e6rmbillede-2012-04-19-kl.-08.32.42-150x76.png 150w, http:\/\/www.petervuust.dk\/wp-content\/uploads\/2012\/04\/Sk\u00e6rmbillede-2012-04-19-kl.-08.32.42-400x203.png 400w\" sizes=\"(max-width: 748px) 100vw, 748px\" \/><br \/>\n<\/address>\n<address style=\"padding-left: 420px;\">\n<\/address>\n<address style=\"padding-left: 390px;\">Please visit the official website <a title=\"Aarhus jazzfestival\" href=\"http:\/\/jazzfest.dk\" target=\"_blank\">jazzfest.dk<\/a> for news and more info<\/address>\n<div>\n<div><strong>&nbsp;<\/p>\n<p><\/strong><strong> <\/strong><strong> <\/strong><strong> <\/strong><strong> <\/strong><span style=\"font-weight: 800;\"><br \/>\n<\/span><\/p>\n<\/div>\n<div><strong><strong>Veronica Mortensen &amp; Peter Vuust Quartet<\/strong><\/strong>; Musikhuset Aarhus 15.07.12, 12:00<\/div>\n<div>Veronica Mortensen (voc), Ove Ingemarsson (sax), Lars Jansson (p), Peter Vuust (b), Paul Svanberg (drm)<\/div>\n<div>\u00b7<\/div>\n<div><strong><strong>Three Basses<\/strong><\/strong>; Vestergade 58 15.07.12, 20:30<\/div>\n<div>Morten Ramsb\u00f8l (b), Peter Vuust (b), Henrik M\u00f8ller (b), Mads B\u00e6rentzen (p)<\/div>\n<div>\u00b7<\/div>\n<div><strong>Peter Vuust Quartet<\/strong>;\u00a0Klostertorv 16.07.12, 15:00<\/div>\n<div>Peter Vuust(b), Lars Jansson (p), Ove Ingemarsson (ts), Paul Svanberg (dr)<\/div>\n<\/div>\n<div>\u00b7<\/div>\n<div><strong>Sinne Eeg, Nikolaj Hess and Peter Vuust<\/strong>;\u00a0Caf\u00e9 Smagl\u00f8s 16.07.12, 21:00<\/div>\n<div>Sinne Eeg(voc), Nikolaj Hess(p), Peter Vuust(b)<\/div>\n<div>\n<div>\u00b7<\/div>\n<div><span style=\"color: #000000;\"><strong>Veronica Mortensen &amp; Peter Vuust Duo<\/strong>, Aros 17.07.12, 17:00<\/span><\/div>\n<div>Veronica Mortensen (voc), Peter Vuust (b)<\/div>\n<\/div>\n<div>\n<div>\u00b7<\/div>\n<div><strong>Vuust Vuust Duo<\/strong>, Caf\u00e9 Smagl\u00f8s 17.07.12, 21:00<\/div>\n<div>Christian Vuust (ts), Peter Vuust (b)<\/div>\n<div>\u00b7<\/div>\n<\/div>\n<div><strong>Jazz &amp; Poetry, <\/strong>Aros 18.07.12, 17:00<\/div>\n<div>Peter Laugesen (recitation), Per Chr. Frost (g), Alex Riel (dr), Peter Vuust (b)<\/div>\n<div>\u00b7<\/div>\n<div>\n<div><span style=\"color: #000000;\"><strong>Nikolaj Hess and Peter Vuust Duo<\/strong>, Caf\u00e9 Smagl\u00f8s 18.07.12, 21:00<\/span><\/div>\n<div>Nikolaj Hess (p), Peter Vuust (b)<\/div>\n<div>\u00b7<\/div>\n<div><strong>Peter Vuust trio<\/strong>, Aros 19.07.12, 17:00<\/div>\n<div>Nikolaj Hess(p), Alex Riel (dr), Peter Vuust (b)<\/div>\n<div>\u00b7<\/div>\n<div>\n<div><strong>Uffe Steen, Alex Riel and Peter Vuust<\/strong>, Caf\u00e9 Smagl\u00f8s 19.07.12, 21:00<\/div>\n<div>Uffe Steen (g), Alex Riel (tr), Peter Vuust (b)<\/div>\n<\/div>\n<\/div>\n","protected":false},"excerpt":{"rendered":"<p>At Aarhus Jazz Festival 2012 Peter Vuust will be performing several times. Check out the entire program&#8230;<\/p>\n<div class=\"more-link-wrapper\"><a class=\"more-link\" href=\"http:\/\/www.petervuust.dk\/?p=696\">Continue Reading<span class=\"screen-reader-text\">Aarhus Jazz Festival 2012<\/span><\/a><\/div>\n","protected":false},"author":1,"featured_media":697,"comment_status":"closed","ping_status":"closed","sticky":false,"template":"","format":"standard","meta":{"ngg_post_thumbnail":0},"categories":[1],"tags":[],"_links":{"self":[{"href":"http:\/\/www.petervuust.dk\/index.php?rest_route=\/wp\/v2\/posts\/696"}],"collection":[{"href":"http:\/\/www.petervuust.dk\/index.php?rest_route=\/wp\/v2\/posts"}],"about":[{"href":"http:\/\/www.petervuust.dk\/index.php?rest_route=\/wp\/v2\/types\/post"}],"author":[{"embeddable":true,"href":"http:\/\/www.petervuust.dk\/index.php?rest_route=\/wp\/v2\/users\/1"}],"replies":[{"embeddable":true,"href":"http:\/\/www.petervuust.dk\/index.php?rest_route=%2Fwp%2Fv2%2Fcomments&post=696"}],"version-history":[{"count":57,"href":"http:\/\/www.petervuust.dk\/index.php?rest_route=\/wp\/v2\/posts\/696\/revisions"}],"predecessor-version":[{"id":752,"href":"http:\/\/www.petervuust.dk\/index.php?rest_route=\/wp\/v2\/posts\/696\/revisions\/752"}],"wp:featuredmedia":[{"embeddable":true,"href":"http:\/\/www.petervuust.dk\/index.php?rest_route=\/wp\/v2\/media\/697"}],"wp:attachment":[{"href":"http:\/\/www.petervuust.dk\/index.php?rest_route=%2Fwp%2Fv2%2Fmedia&parent=696"}],"wp:term":[{"taxonomy":"category","embeddable":true,"href":"http:\/\/www.petervuust.dk\/index.php?rest_route=%2Fwp%2Fv2%2Fcategories&post=696"},{"taxonomy":"post_tag","embeddable":true,"href":"http:\/\/www.petervuust.dk\/index.php?rest_route=%2Fwp%2Fv2%2Ftags&post=696"}],"curies":[{"name":"wp","href":"https:\/\/api.w.org\/{rel}","templated":true}]}}